{"id":5401,"date":"2025-11-02T10:36:11","date_gmt":"2025-11-02T09:36:11","guid":{"rendered":"https:\/\/brullsen-hachmuehlen.eu\/?p=5401"},"modified":"2025-11-02T10:37:43","modified_gmt":"2025-11-02T09:37:43","slug":"volkstrauertag-am-sonntag-16-november-2025","status":"publish","type":"post","link":"https:\/\/brullsen-hachmuehlen.eu\/?p=5401","title":{"rendered":"Volkstrauertag am Sonntag, 16. November 2025"},"content":{"rendered":"<div><i>Liebe Mitb\u00fcrgerinnen und Mitb\u00fcrger,<\/i><\/div>\n<div>\n<p><i><br \/>\nam <b><u>Sonntag, 16. November 2025<\/u>,<\/b><\/i><\/p>\n<p>wollen wir anl\u00e4sslich des diesj\u00e4hrigen Volkstrauertages in Brullsen und Hachm\u00fchlen<br \/>\nder Opfer von Krieg und Gewalt und Terror in Deutschland und auf der Welt gedenken.<br \/>\nAuch die Opfer des seit dem 24. Februar 2022 w\u00fctenden Krieges in der Ukraine<br \/>\nund die Opfer der B\u00fcrgerkriege wollen wir nicht vergessen.<\/p>\n<p><u><em>Zeitlicher Ablauf<\/em><\/u><\/p>\n<p><em><u>10:45 Uhr:<\/u>\u00a0 Kranzniederlegung am Ehrenmal in Brullsen\u00a0<\/em><\/p>\n<p><em><u>11:15 Uhr:<\/u>\u00a0\u00a0 Gottesdienst und\u00a0 Ansprache im Gemeindehaus (!!) der<br \/>\nev.-luth. Kirche Hachm\u00fchlen.<\/em><\/p>\n<p><em>Anschlie\u00dfend um <u>ca. 12:15\u00a0Uhr<\/u> erfolgt die Kranzniederlegung\u00a0am Ehrenmal in Hachm\u00fchlen.<\/em><br \/>\n<em>Sie alle sind herzlich eingeladen, am Gottesdienst und\/oder an den Kranzniederlegungen teilzunehmen.\u00a0 <\/em><\/p>\n<p><em>Hartwig M\u00f6ller<br \/>\nOrtsb\u00fcrgermeister Brullsen-Hachm\u00fchlen<br \/>\nTel. 05042 &#8211; 52347<\/em><\/p>\n<p><img loading=\"lazy\" decoding=\"async\" class=\"alignnone wp-image-5404\" src=\"https:\/\/brullsen-hachmuehlen.eu\/wp-content\/uploads\/2025\/11\/Volkstrauertag_Mahnung_2025.jpg\" alt=\"\" width=\"444\" height=\"350\" srcset=\"https:\/\/brullsen-hachmuehlen.eu\/wp-content\/uploads\/2025\/11\/Volkstrauertag_Mahnung_2025.jpg 1577w, https:\/\/brullsen-hachmuehlen.eu\/wp-content\/uploads\/2025\/11\/Volkstrauertag_Mahnung_2025-300x237.jpg 300w, https:\/\/brullsen-hachmuehlen.eu\/wp-content\/uploads\/2025\/11\/Volkstrauertag_Mahnung_2025-1024x808.jpg 1024w, https:\/\/brullsen-hachmuehlen.eu\/wp-content\/uploads\/2025\/11\/Volkstrauertag_Mahnung_2025-768x606.jpg 768w, https:\/\/brullsen-hachmuehlen.eu\/wp-content\/uploads\/2025\/11\/Volkstrauertag_Mahnung_2025-1536x1212.jpg 1536w\" sizes=\"auto, (max-width: 444px) 100vw, 444px\" \/><\/p>\n<\/div>\n","protected":false},"excerpt":{"rendered":"<div class=\"mh-excerpt\">Liebe Mitb\u00fcrgerinnen und Mitb\u00fcrger, am Sonntag, 16. November 2025, wollen wir anl\u00e4sslich des diesj\u00e4hrigen Volkstrauertages in Brullsen und Hachm\u00fchlen der Opfer von Krieg und Gewalt und Terror in Deutschland und auf der Welt gedenken. Auch <a class=\"mh-excerpt-more\" href=\"https:\/\/brullsen-hachmuehlen.eu\/?p=5401\" title=\"Volkstrauertag am Sonntag, 16. November 2025\">[&#8230;]<\/a><\/div>\n","protected":false},"author":3,"featured_media":5404,"comment_status":"closed","ping_status":"closed","sticky":false,"template":"","format":"standard","meta":{"footnotes":""},"categories":[5],"tags":[],"class_list":["post-5401","post","type-post","status-publish","format-standard","has-post-thumbnail","hentry","category-allgemeines"],"_links":{"self":[{"href":"https:\/\/brullsen-hachmuehlen.eu\/index.php?rest_route=\/wp\/v2\/posts\/5401","targetHints":{"allow":["GET"]}}],"collection":[{"href":"https:\/\/brullsen-hachmuehlen.eu\/index.php?rest_route=\/wp\/v2\/posts"}],"about":[{"href":"https:\/\/brullsen-hachmuehlen.eu\/index.php?rest_route=\/wp\/v2\/types\/post"}],"author":[{"embeddable":true,"href":"https:\/\/brullsen-hachmuehlen.eu\/index.php?rest_route=\/wp\/v2\/users\/3"}],"replies":[{"embeddable":true,"href":"https:\/\/brullsen-hachmuehlen.eu\/index.php?rest_route=%2Fwp%2Fv2%2Fcomments&post=5401"}],"version-history":[{"count":7,"href":"https:\/\/brullsen-hachmuehlen.eu\/index.php?rest_route=\/wp\/v2\/posts\/5401\/revisions"}],"predecessor-version":[{"id":5409,"href":"https:\/\/brullsen-hachmuehlen.eu\/index.php?rest_route=\/wp\/v2\/posts\/5401\/revisions\/5409"}],"wp:featuredmedia":[{"embeddable":true,"href":"https:\/\/brullsen-hachmuehlen.eu\/index.php?rest_route=\/wp\/v2\/media\/5404"}],"wp:attachment":[{"href":"https:\/\/brullsen-hachmuehlen.eu\/index.php?rest_route=%2Fwp%2Fv2%2Fmedia&parent=5401"}],"wp:term":[{"taxonomy":"category","embeddable":true,"href":"https:\/\/brullsen-hachmuehlen.eu\/index.php?rest_route=%2Fwp%2Fv2%2Fcategories&post=5401"},{"taxonomy":"post_tag","embeddable":true,"href":"https:\/\/brullsen-hachmuehlen.eu\/index.php?rest_route=%2Fwp%2Fv2%2Ftags&post=5401"}],"curies":[{"name":"wp","href":"https:\/\/api.w.org\/{rel}","templated":true}]}}